{"id":1681,"date":"2020-02-18T13:20:09","date_gmt":"2020-02-18T12:20:09","guid":{"rendered":"https:\/\/www.gs-amelgatzen.de\/?p=1681"},"modified":"2020-02-18T13:20:09","modified_gmt":"2020-02-18T12:20:09","slug":"die-drachen-fahren-bus","status":"publish","type":"post","link":"https:\/\/www.gs-amelgatzen.de\/?p=1681","title":{"rendered":"Die Drachen fahren Bus"},"content":{"rendered":"<p>Am Mittwoch, den 05.02.2020, besuchten wir, die 3. Klasse, die Busschule. Nach dem theoretischen Unterricht zum Thema &#8222;Verhalten im und am Bus&#8220; im Sachunterricht erfolgte die Praxis durch die Busschule der \u00d6ffis. Der Bus stand am Morgen f\u00fcr uns parat. In der 2. Stunde lernten wir zun\u00e4chst das Verhalten im Bus. Anschlie\u00dfend fuhren wir mit unserem Klassenlehrer Herr Tunke und Frau Gattermann nach H\u00e4melschenburg, um dort die Gefahren an der Bushaltestelle praktisch kennenzulernen. Wir erfuhren, wie gef\u00e4hrlich eine Vollbremsung sein kann, wenn man sich nicht richtig festh\u00e4lt. zum Schluss bekamen wir alle eine Urkunde.<\/p>\n<p><img loading=\"lazy\" decoding=\"async\" class=\"alignnone size-large wp-image-1682\" src=\"https:\/\/www.gs-amelgatzen.de\/wp-content\/uploads\/2020\/02\/IMG_20200205_092831-768x1024.jpg\" alt=\"\" width=\"656\" height=\"875\" srcset=\"https:\/\/www.gs-amelgatzen.de\/wp-content\/uploads\/2020\/02\/IMG_20200205_092831-768x1024.jpg 768w, https:\/\/www.gs-amelgatzen.de\/wp-content\/uploads\/2020\/02\/IMG_20200205_092831-225x300.jpg 225w, https:\/\/www.gs-amelgatzen.de\/wp-content\/uploads\/2020\/02\/IMG_20200205_092831.jpg 960w\" sizes=\"(max-width: 656px) 100vw, 656px\" \/><\/p>\n","protected":false},"excerpt":{"rendered":"<p>Am Mittwoch, den 05.02.2020, besuchten wir, die 3. Klasse, die Busschule. Nach dem theoretischen Unterricht zum Thema &#8222;Verhalten im und am Bus&#8220; im Sachunterricht erfolgte die Praxis durch die Busschule der \u00d6ffis. Der Bus stand am Morgen f\u00fcr uns parat. In der 2. Stunde lernten wir zun\u00e4chst das Verhalten im Bus. Anschlie\u00dfend fuhren wir mit [&hellip;]<\/p>\n","protected":false},"author":5,"featured_media":1682,"comment_status":"closed","ping_status":"open","sticky":false,"template":"","format":"standard","meta":{"footnotes":""},"categories":[1],"tags":[],"_links":{"self":[{"href":"https:\/\/www.gs-amelgatzen.de\/index.php?rest_route=\/wp\/v2\/posts\/1681"}],"collection":[{"href":"https:\/\/www.gs-amelgatzen.de\/index.php?rest_route=\/wp\/v2\/posts"}],"about":[{"href":"https:\/\/www.gs-amelgatzen.de\/index.php?rest_route=\/wp\/v2\/types\/post"}],"author":[{"embeddable":true,"href":"https:\/\/www.gs-amelgatzen.de\/index.php?rest_route=\/wp\/v2\/users\/5"}],"replies":[{"embeddable":true,"href":"https:\/\/www.gs-amelgatzen.de\/index.php?rest_route=%2Fwp%2Fv2%2Fcomments&post=1681"}],"version-history":[{"count":1,"href":"https:\/\/www.gs-amelgatzen.de\/index.php?rest_route=\/wp\/v2\/posts\/1681\/revisions"}],"predecessor-version":[{"id":1683,"href":"https:\/\/www.gs-amelgatzen.de\/index.php?rest_route=\/wp\/v2\/posts\/1681\/revisions\/1683"}],"wp:featuredmedia":[{"embeddable":true,"href":"https:\/\/www.gs-amelgatzen.de\/index.php?rest_route=\/wp\/v2\/media\/1682"}],"wp:attachment":[{"href":"https:\/\/www.gs-amelgatzen.de\/index.php?rest_route=%2Fwp%2Fv2%2Fmedia&parent=1681"}],"wp:term":[{"taxonomy":"category","embeddable":true,"href":"https:\/\/www.gs-amelgatzen.de\/index.php?rest_route=%2Fwp%2Fv2%2Fcategories&post=1681"},{"taxonomy":"post_tag","embeddable":true,"href":"https:\/\/www.gs-amelgatzen.de\/index.php?rest_route=%2Fwp%2Fv2%2Ftags&post=1681"}],"curies":[{"name":"wp","href":"https:\/\/api.w.org\/{rel}","templated":true}]}}